{"id":5272,"date":"2022-10-27T11:37:13","date_gmt":"2022-10-27T09:37:13","guid":{"rendered":"https:\/\/startingfrance.com\/?p=5272"},"modified":"2022-11-14T12:04:40","modified_gmt":"2022-11-14T11:04:40","slug":"mannheim-la-ville-allemande-qui-monte-en-2023","status":"publish","type":"post","link":"https:\/\/startingfrance.com\/fr\/mannheim-la-ville-allemande-qui-monte-en-2023\/","title":{"rendered":"Mannheim, la ville allemande qui monte en 2023"},"content":{"rendered":"\n<figure class=\"wp-block-image aligncenter size-large is-resized\"><a href=\" https:\/\/commons.wikimedia.org\/wiki\/File:Wasserturm,_Friederichsplatz,_Mannheim.jpg\"><img loading=\"lazy\" decoding=\"async\" src=\"https:\/\/startingfrance.com\/sf2020\/wp-content\/uploads\/2022\/10\/Wasserturm_Friederichsplatz_Mannheim-1-683x1024.jpg\" alt=\"\" class=\"wp-image-5269\" width=\"320\" height=\"480\" srcset=\"https:\/\/startingfrance.com\/sf2020\/wp-content\/uploads\/2022\/10\/Wasserturm_Friederichsplatz_Mannheim-1-683x1024.jpg 683w, https:\/\/startingfrance.com\/sf2020\/wp-content\/uploads\/2022\/10\/Wasserturm_Friederichsplatz_Mannheim-1-200x300.jpg 200w, https:\/\/startingfrance.com\/sf2020\/wp-content\/uploads\/2022\/10\/Wasserturm_Friederichsplatz_Mannheim-1-768x1152.jpg 768w, https:\/\/startingfrance.com\/sf2020\/wp-content\/uploads\/2022\/10\/Wasserturm_Friederichsplatz_Mannheim-1-1024x1536.jpg 1024w, https:\/\/startingfrance.com\/sf2020\/wp-content\/uploads\/2022\/10\/Wasserturm_Friederichsplatz_Mannheim-1-1365x2048.jpg 1365w, https:\/\/startingfrance.com\/sf2020\/wp-content\/uploads\/2022\/10\/Wasserturm_Friederichsplatz_Mannheim-1-305x458.jpg 305w, https:\/\/startingfrance.com\/sf2020\/wp-content\/uploads\/2022\/10\/Wasserturm_Friederichsplatz_Mannheim-1-430x645.jpg 430w, https:\/\/startingfrance.com\/sf2020\/wp-content\/uploads\/2022\/10\/Wasserturm_Friederichsplatz_Mannheim-1-scaled.jpg 1707w\" sizes=\"auto, (max-width: 320px) 100vw, 320px\" \/><\/a><figcaption class=\"wp-element-caption\"><em>Wasserturm, Friedrichsplatz, Mannheim<\/em><\/figcaption><\/figure>\n\n\n\n<p>Mannheim vient d\u2019\u00eatre d\u00e9sign\u00e9e comme la destination 2023 par le guide Marco Polo. Le grand quotidien des affaires allemands Handelsblatt y voit \u00e9galement le signe que l\u2019exposition universelle \u00ab&nbsp;jardins&nbsp;\u00bb en cours d\u2019installation va g\u00e9n\u00e9rer un flux d\u2019activit\u00e9 important : <a href=\"https:\/\/www.handelsblatt.com\/dpa\/marco-polo-mannheim-als-reisetipp-fuer-2023\/28723768.html\">https:\/\/www.handelsblatt.com\/dpa\/marco-polo-mannheim-als-reisetipp-fuer-2023\/28723768.html<\/a><\/p>\n\n\n\n<p>Avec son ch\u00e2teau baroque, le deuxi\u00e8me plus grand d\u2019Europe, son mus\u00e9e des technologies, son activit\u00e9 \u00e9conomique et l\u2019une des meilleures business schools d\u2019Allemagne, Mannheim est une ville dynamique alliant modernit\u00e9 et tradition, industries anciennes et entreprises de pointe, et de plus en plus une ville verte favorisant l\u2019\u00e9co-mobilit\u00e9.<\/p>\n\n\n\n<p><\/p>\n\n\n\n<figure class=\"wp-block-image alignleft size-full is-resized\"><a href=\"https:\/\/www.flickr.com\/photos\/klengel\/14291374224 \"><img loading=\"lazy\" decoding=\"async\" src=\"https:\/\/startingfrance.com\/sf2020\/wp-content\/uploads\/2022\/10\/67f0dee1-552f-4dad-ace9-033d00b6501a-1.jpg\" alt=\"\" class=\"wp-image-5283\" width=\"462\" height=\"227\" srcset=\"https:\/\/startingfrance.com\/sf2020\/wp-content\/uploads\/2022\/10\/67f0dee1-552f-4dad-ace9-033d00b6501a-1.jpg 734w, https:\/\/startingfrance.com\/sf2020\/wp-content\/uploads\/2022\/10\/67f0dee1-552f-4dad-ace9-033d00b6501a-1-300x148.jpg 300w, https:\/\/startingfrance.com\/sf2020\/wp-content\/uploads\/2022\/10\/67f0dee1-552f-4dad-ace9-033d00b6501a-1-305x150.jpg 305w, https:\/\/startingfrance.com\/sf2020\/wp-content\/uploads\/2022\/10\/67f0dee1-552f-4dad-ace9-033d00b6501a-1-430x211.jpg 430w\" sizes=\"auto, (max-width: 462px) 100vw, 462px\" \/><\/a><figcaption class=\"wp-element-caption\">                           <em>Ch\u00e2teau de Mannheim (Universit\u00e9)<\/em><\/figcaption><\/figure>\n\n\n\n<figure class=\"wp-block-image size-full is-resized\"><a href=\" https:\/\/commons.wikimedia.org\/wiki\/File:Mannheim_-_SAP_Arena-001.JPG  \"><img loading=\"lazy\" decoding=\"async\" src=\"https:\/\/startingfrance.com\/sf2020\/wp-content\/uploads\/2022\/10\/image-2.png\" alt=\"\" class=\"wp-image-5291\" width=\"339\" height=\"238\"\/><\/a><figcaption class=\"wp-element-caption\"><em>                   Mannheim &#8211; SAP Arena<\/em><\/figcaption><\/figure>\n\n\n\n<p class=\"has-text-align-left\"><\/p>\n\n\n\n<p><\/p>\n\n\n\n<p>Situ\u00e9e sur le Neckar et le Rhin, \u00e0 seulement 35 minutes de Francfort et trois heures de Paris en train, Mannheim est la localisation id\u00e9ale !<\/p>\n\n\n\n<figure class=\"wp-block-image aligncenter size-full is-resized\"><a href=\"https:\/\/www.flickr.com\/photos\/mr172\/4988755903\"><img loading=\"lazy\" decoding=\"async\" src=\"https:\/\/startingfrance.com\/sf2020\/wp-content\/uploads\/2022\/10\/8e37aae0-e267-474d-8bb4-1545c7ca5cf4-3.jpg\" alt=\"\" class=\"wp-image-5303\" width=\"510\" height=\"378\" srcset=\"https:\/\/startingfrance.com\/sf2020\/wp-content\/uploads\/2022\/10\/8e37aae0-e267-474d-8bb4-1545c7ca5cf4-3.jpg 594w, https:\/\/startingfrance.com\/sf2020\/wp-content\/uploads\/2022\/10\/8e37aae0-e267-474d-8bb4-1545c7ca5cf4-3-300x223.jpg 300w, https:\/\/startingfrance.com\/sf2020\/wp-content\/uploads\/2022\/10\/8e37aae0-e267-474d-8bb4-1545c7ca5cf4-3-305x226.jpg 305w, https:\/\/startingfrance.com\/sf2020\/wp-content\/uploads\/2022\/10\/8e37aae0-e267-474d-8bb4-1545c7ca5cf4-3-430x319.jpg 430w\" sizes=\"auto, (max-width: 510px) 100vw, 510px\" \/><\/a><figcaption class=\"wp-element-caption\"><em>Fernsehturm Mannheim<\/em><\/figcaption><\/figure>\n","protected":false},"excerpt":{"rendered":"<p>Mannheim vient d\u2019\u00eatre d\u00e9sign\u00e9e comme la destination 2023 par le guide Marco Polo. Le grand quotidien des affaires allemands Handelsblatt y voit \u00e9galement le signe que [&#8230;] <\/p>\n","protected":false},"author":2,"featured_media":5270,"comment_status":"closed","ping_status":"closed","sticky":false,"template":"","format":"standard","meta":{"footnotes":""},"categories":[13],"tags":[],"class_list":["post-5272","post","type-post","status-publish","format-standard","has-post-thumbnail","hentry","category-actualite"],"yoast_head":"<!-- This site is optimized with the Yoast SEO plugin v27.4 - https:\/\/yoast.com\/product\/yoast-seo-wordpress\/ -->\n<title>Mannheim, la ville allemande qui monte en 2023 - StartingFrance<\/title>\n<meta name=\"description\" content=\"Aktuelles von StartingFrance - wir informieren hier zu unseren Projekten und Partnerunternehmen.\" \/>\n<meta name=\"robots\" content=\"index, follow, max-snippet:-1, max-image-preview:large, max-video-preview:-1\" \/>\n<link rel=\"canonical\" href=\"https:\/\/startingfrance.com\/fr\/mannheim-la-ville-allemande-qui-monte-en-2023\/\" \/>\n<meta property=\"og:locale\" content=\"fr_FR\" \/>\n<meta property=\"og:type\" content=\"article\" \/>\n<meta property=\"og:title\" content=\"Mannheim, la ville allemande qui monte en 2023 - StartingFrance\" \/>\n<meta property=\"og:description\" content=\"Aktuelles von StartingFrance - wir informieren hier zu unseren Projekten und Partnerunternehmen.\" \/>\n<meta property=\"og:url\" content=\"https:\/\/startingfrance.com\/fr\/mannheim-la-ville-allemande-qui-monte-en-2023\/\" \/>\n<meta property=\"og:site_name\" content=\"StartingFrance\" \/>\n<meta property=\"article:published_time\" content=\"2022-10-27T09:37:13+00:00\" \/>\n<meta property=\"article:modified_time\" content=\"2022-11-14T11:04:40+00:00\" \/>\n<meta property=\"og:image\" content=\"https:\/\/startingfrance.com\/sf2020\/wp-content\/uploads\/2022\/10\/Wasserturm_Friederichsplatz_Mannheim-1-scaled.jpg\" \/>\n\t<meta property=\"og:image:width\" content=\"1707\" \/>\n\t<meta property=\"og:image:height\" content=\"2560\" \/>\n\t<meta property=\"og:image:type\" content=\"image\/jpeg\" \/>\n<meta name=\"author\" content=\"Starting France\" \/>\n<meta name=\"twitter:card\" content=\"summary_large_image\" \/>\n<meta name=\"twitter:label1\" content=\"\u00c9crit par\" \/>\n\t<meta name=\"twitter:data1\" content=\"Starting France\" \/>\n\t<meta name=\"twitter:label2\" content=\"Dur\u00e9e de lecture estim\u00e9e\" \/>\n\t<meta name=\"twitter:data2\" content=\"2 minutes\" \/>\n<script type=\"application\/ld+json\" class=\"yoast-schema-graph\">{\"@context\":\"https:\\\/\\\/schema.org\",\"@graph\":[{\"@type\":\"Article\",\"@id\":\"https:\\\/\\\/startingfrance.com\\\/fr\\\/mannheim-la-ville-allemande-qui-monte-en-2023\\\/#article\",\"isPartOf\":{\"@id\":\"https:\\\/\\\/startingfrance.com\\\/fr\\\/mannheim-la-ville-allemande-qui-monte-en-2023\\\/\"},\"author\":{\"name\":\"Starting France\",\"@id\":\"https:\\\/\\\/startingfrance.com\\\/fr\\\/#\\\/schema\\\/person\\\/dd32de797b7cb24085b746d531977e38\"},\"headline\":\"Mannheim, la ville allemande qui monte en 2023\",\"datePublished\":\"2022-10-27T09:37:13+00:00\",\"dateModified\":\"2022-11-14T11:04:40+00:00\",\"mainEntityOfPage\":{\"@id\":\"https:\\\/\\\/startingfrance.com\\\/fr\\\/mannheim-la-ville-allemande-qui-monte-en-2023\\\/\"},\"wordCount\":155,\"publisher\":{\"@id\":\"https:\\\/\\\/startingfrance.com\\\/fr\\\/#organization\"},\"image\":{\"@id\":\"https:\\\/\\\/startingfrance.com\\\/fr\\\/mannheim-la-ville-allemande-qui-monte-en-2023\\\/#primaryimage\"},\"thumbnailUrl\":\"https:\\\/\\\/startingfrance.com\\\/sf2020\\\/wp-content\\\/uploads\\\/2022\\\/10\\\/Wasserturm_Friederichsplatz_Mannheim-1-scaled.jpg\",\"articleSection\":[\"Actualit\u00e9s\"],\"inLanguage\":\"fr-FR\"},{\"@type\":\"WebPage\",\"@id\":\"https:\\\/\\\/startingfrance.com\\\/fr\\\/mannheim-la-ville-allemande-qui-monte-en-2023\\\/\",\"url\":\"https:\\\/\\\/startingfrance.com\\\/fr\\\/mannheim-la-ville-allemande-qui-monte-en-2023\\\/\",\"name\":\"Mannheim, la ville allemande qui monte en 2023 - StartingFrance\",\"isPartOf\":{\"@id\":\"https:\\\/\\\/startingfrance.com\\\/fr\\\/#website\"},\"primaryImageOfPage\":{\"@id\":\"https:\\\/\\\/startingfrance.com\\\/fr\\\/mannheim-la-ville-allemande-qui-monte-en-2023\\\/#primaryimage\"},\"image\":{\"@id\":\"https:\\\/\\\/startingfrance.com\\\/fr\\\/mannheim-la-ville-allemande-qui-monte-en-2023\\\/#primaryimage\"},\"thumbnailUrl\":\"https:\\\/\\\/startingfrance.com\\\/sf2020\\\/wp-content\\\/uploads\\\/2022\\\/10\\\/Wasserturm_Friederichsplatz_Mannheim-1-scaled.jpg\",\"datePublished\":\"2022-10-27T09:37:13+00:00\",\"dateModified\":\"2022-11-14T11:04:40+00:00\",\"description\":\"Aktuelles von StartingFrance - wir informieren hier zu unseren Projekten und Partnerunternehmen.\",\"breadcrumb\":{\"@id\":\"https:\\\/\\\/startingfrance.com\\\/fr\\\/mannheim-la-ville-allemande-qui-monte-en-2023\\\/#breadcrumb\"},\"inLanguage\":\"fr-FR\",\"potentialAction\":[{\"@type\":\"ReadAction\",\"target\":[\"https:\\\/\\\/startingfrance.com\\\/fr\\\/mannheim-la-ville-allemande-qui-monte-en-2023\\\/\"]}]},{\"@type\":\"ImageObject\",\"inLanguage\":\"fr-FR\",\"@id\":\"https:\\\/\\\/startingfrance.com\\\/fr\\\/mannheim-la-ville-allemande-qui-monte-en-2023\\\/#primaryimage\",\"url\":\"https:\\\/\\\/startingfrance.com\\\/sf2020\\\/wp-content\\\/uploads\\\/2022\\\/10\\\/Wasserturm_Friederichsplatz_Mannheim-1-scaled.jpg\",\"contentUrl\":\"https:\\\/\\\/startingfrance.com\\\/sf2020\\\/wp-content\\\/uploads\\\/2022\\\/10\\\/Wasserturm_Friederichsplatz_Mannheim-1-scaled.jpg\",\"width\":1707,\"height\":2560},{\"@type\":\"BreadcrumbList\",\"@id\":\"https:\\\/\\\/startingfrance.com\\\/fr\\\/mannheim-la-ville-allemande-qui-monte-en-2023\\\/#breadcrumb\",\"itemListElement\":[{\"@type\":\"ListItem\",\"position\":1,\"name\":\"Startseite\",\"item\":\"https:\\\/\\\/startingfrance.com\\\/fr\\\/start\\\/\"},{\"@type\":\"ListItem\",\"position\":2,\"name\":\"Mannheim, la ville allemande qui monte en 2023\"}]},{\"@type\":\"WebSite\",\"@id\":\"https:\\\/\\\/startingfrance.com\\\/fr\\\/#website\",\"url\":\"https:\\\/\\\/startingfrance.com\\\/fr\\\/\",\"name\":\"StartingFrance\",\"description\":\"Mannheim - Paris\",\"publisher\":{\"@id\":\"https:\\\/\\\/startingfrance.com\\\/fr\\\/#organization\"},\"potentialAction\":[{\"@type\":\"SearchAction\",\"target\":{\"@type\":\"EntryPoint\",\"urlTemplate\":\"https:\\\/\\\/startingfrance.com\\\/fr\\\/?s={search_term_string}\"},\"query-input\":{\"@type\":\"PropertyValueSpecification\",\"valueRequired\":true,\"valueName\":\"search_term_string\"}}],\"inLanguage\":\"fr-FR\"},{\"@type\":\"Organization\",\"@id\":\"https:\\\/\\\/startingfrance.com\\\/fr\\\/#organization\",\"name\":\"StartingFrance\",\"url\":\"https:\\\/\\\/startingfrance.com\\\/fr\\\/\",\"logo\":{\"@type\":\"ImageObject\",\"inLanguage\":\"fr-FR\",\"@id\":\"https:\\\/\\\/startingfrance.com\\\/fr\\\/#\\\/schema\\\/logo\\\/image\\\/\",\"url\":\"https:\\\/\\\/startingfrance.com\\\/sf2020\\\/wp-content\\\/uploads\\\/2020\\\/01\\\/startingfrance.jpg\",\"contentUrl\":\"https:\\\/\\\/startingfrance.com\\\/sf2020\\\/wp-content\\\/uploads\\\/2020\\\/01\\\/startingfrance.jpg\",\"width\":800,\"height\":139,\"caption\":\"StartingFrance\"},\"image\":{\"@id\":\"https:\\\/\\\/startingfrance.com\\\/fr\\\/#\\\/schema\\\/logo\\\/image\\\/\"},\"sameAs\":[\"https:\\\/\\\/www.linkedin.com\\\/company\\\/startingfrance\\\/\"]},{\"@type\":\"Person\",\"@id\":\"https:\\\/\\\/startingfrance.com\\\/fr\\\/#\\\/schema\\\/person\\\/dd32de797b7cb24085b746d531977e38\",\"name\":\"Starting France\",\"url\":\"https:\\\/\\\/startingfrance.com\\\/fr\\\/author\\\/sfteam\\\/\"}]}<\/script>\n<!-- \/ Yoast SEO plugin. -->","yoast_head_json":{"title":"Mannheim, la ville allemande qui monte en 2023 - StartingFrance","description":"Aktuelles von StartingFrance - wir informieren hier zu unseren Projekten und Partnerunternehmen.","robots":{"index":"index","follow":"follow","max-snippet":"max-snippet:-1","max-image-preview":"max-image-preview:large","max-video-preview":"max-video-preview:-1"},"canonical":"https:\/\/startingfrance.com\/fr\/mannheim-la-ville-allemande-qui-monte-en-2023\/","og_locale":"fr_FR","og_type":"article","og_title":"Mannheim, la ville allemande qui monte en 2023 - StartingFrance","og_description":"Aktuelles von StartingFrance - wir informieren hier zu unseren Projekten und Partnerunternehmen.","og_url":"https:\/\/startingfrance.com\/fr\/mannheim-la-ville-allemande-qui-monte-en-2023\/","og_site_name":"StartingFrance","article_published_time":"2022-10-27T09:37:13+00:00","article_modified_time":"2022-11-14T11:04:40+00:00","og_image":[{"width":1707,"height":2560,"url":"https:\/\/startingfrance.com\/sf2020\/wp-content\/uploads\/2022\/10\/Wasserturm_Friederichsplatz_Mannheim-1-scaled.jpg","type":"image\/jpeg"}],"author":"Starting France","twitter_card":"summary_large_image","twitter_misc":{"\u00c9crit par":"Starting France","Dur\u00e9e de lecture estim\u00e9e":"2 minutes"},"schema":{"@context":"https:\/\/schema.org","@graph":[{"@type":"Article","@id":"https:\/\/startingfrance.com\/fr\/mannheim-la-ville-allemande-qui-monte-en-2023\/#article","isPartOf":{"@id":"https:\/\/startingfrance.com\/fr\/mannheim-la-ville-allemande-qui-monte-en-2023\/"},"author":{"name":"Starting France","@id":"https:\/\/startingfrance.com\/fr\/#\/schema\/person\/dd32de797b7cb24085b746d531977e38"},"headline":"Mannheim, la ville allemande qui monte en 2023","datePublished":"2022-10-27T09:37:13+00:00","dateModified":"2022-11-14T11:04:40+00:00","mainEntityOfPage":{"@id":"https:\/\/startingfrance.com\/fr\/mannheim-la-ville-allemande-qui-monte-en-2023\/"},"wordCount":155,"publisher":{"@id":"https:\/\/startingfrance.com\/fr\/#organization"},"image":{"@id":"https:\/\/startingfrance.com\/fr\/mannheim-la-ville-allemande-qui-monte-en-2023\/#primaryimage"},"thumbnailUrl":"https:\/\/startingfrance.com\/sf2020\/wp-content\/uploads\/2022\/10\/Wasserturm_Friederichsplatz_Mannheim-1-scaled.jpg","articleSection":["Actualit\u00e9s"],"inLanguage":"fr-FR"},{"@type":"WebPage","@id":"https:\/\/startingfrance.com\/fr\/mannheim-la-ville-allemande-qui-monte-en-2023\/","url":"https:\/\/startingfrance.com\/fr\/mannheim-la-ville-allemande-qui-monte-en-2023\/","name":"Mannheim, la ville allemande qui monte en 2023 - StartingFrance","isPartOf":{"@id":"https:\/\/startingfrance.com\/fr\/#website"},"primaryImageOfPage":{"@id":"https:\/\/startingfrance.com\/fr\/mannheim-la-ville-allemande-qui-monte-en-2023\/#primaryimage"},"image":{"@id":"https:\/\/startingfrance.com\/fr\/mannheim-la-ville-allemande-qui-monte-en-2023\/#primaryimage"},"thumbnailUrl":"https:\/\/startingfrance.com\/sf2020\/wp-content\/uploads\/2022\/10\/Wasserturm_Friederichsplatz_Mannheim-1-scaled.jpg","datePublished":"2022-10-27T09:37:13+00:00","dateModified":"2022-11-14T11:04:40+00:00","description":"Aktuelles von StartingFrance - wir informieren hier zu unseren Projekten und Partnerunternehmen.","breadcrumb":{"@id":"https:\/\/startingfrance.com\/fr\/mannheim-la-ville-allemande-qui-monte-en-2023\/#breadcrumb"},"inLanguage":"fr-FR","potentialAction":[{"@type":"ReadAction","target":["https:\/\/startingfrance.com\/fr\/mannheim-la-ville-allemande-qui-monte-en-2023\/"]}]},{"@type":"ImageObject","inLanguage":"fr-FR","@id":"https:\/\/startingfrance.com\/fr\/mannheim-la-ville-allemande-qui-monte-en-2023\/#primaryimage","url":"https:\/\/startingfrance.com\/sf2020\/wp-content\/uploads\/2022\/10\/Wasserturm_Friederichsplatz_Mannheim-1-scaled.jpg","contentUrl":"https:\/\/startingfrance.com\/sf2020\/wp-content\/uploads\/2022\/10\/Wasserturm_Friederichsplatz_Mannheim-1-scaled.jpg","width":1707,"height":2560},{"@type":"BreadcrumbList","@id":"https:\/\/startingfrance.com\/fr\/mannheim-la-ville-allemande-qui-monte-en-2023\/#breadcrumb","itemListElement":[{"@type":"ListItem","position":1,"name":"Startseite","item":"https:\/\/startingfrance.com\/fr\/start\/"},{"@type":"ListItem","position":2,"name":"Mannheim, la ville allemande qui monte en 2023"}]},{"@type":"WebSite","@id":"https:\/\/startingfrance.com\/fr\/#website","url":"https:\/\/startingfrance.com\/fr\/","name":"StartingFrance","description":"Mannheim - Paris","publisher":{"@id":"https:\/\/startingfrance.com\/fr\/#organization"},"potentialAction":[{"@type":"SearchAction","target":{"@type":"EntryPoint","urlTemplate":"https:\/\/startingfrance.com\/fr\/?s={search_term_string}"},"query-input":{"@type":"PropertyValueSpecification","valueRequired":true,"valueName":"search_term_string"}}],"inLanguage":"fr-FR"},{"@type":"Organization","@id":"https:\/\/startingfrance.com\/fr\/#organization","name":"StartingFrance","url":"https:\/\/startingfrance.com\/fr\/","logo":{"@type":"ImageObject","inLanguage":"fr-FR","@id":"https:\/\/startingfrance.com\/fr\/#\/schema\/logo\/image\/","url":"https:\/\/startingfrance.com\/sf2020\/wp-content\/uploads\/2020\/01\/startingfrance.jpg","contentUrl":"https:\/\/startingfrance.com\/sf2020\/wp-content\/uploads\/2020\/01\/startingfrance.jpg","width":800,"height":139,"caption":"StartingFrance"},"image":{"@id":"https:\/\/startingfrance.com\/fr\/#\/schema\/logo\/image\/"},"sameAs":["https:\/\/www.linkedin.com\/company\/startingfrance\/"]},{"@type":"Person","@id":"https:\/\/startingfrance.com\/fr\/#\/schema\/person\/dd32de797b7cb24085b746d531977e38","name":"Starting France","url":"https:\/\/startingfrance.com\/fr\/author\/sfteam\/"}]}},"featured_image_src":"https:\/\/startingfrance.com\/sf2020\/wp-content\/uploads\/2022\/10\/Wasserturm_Friederichsplatz_Mannheim-1-scaled.jpg","featured_image_src_square":"https:\/\/startingfrance.com\/sf2020\/wp-content\/uploads\/2022\/10\/Wasserturm_Friederichsplatz_Mannheim-1-scaled.jpg","author_info":{"display_name":"Starting France","author_link":"https:\/\/startingfrance.com\/fr\/author\/sfteam\/"},"_links":{"self":[{"href":"https:\/\/startingfrance.com\/fr\/wp-json\/wp\/v2\/posts\/5272","targetHints":{"allow":["GET"]}}],"collection":[{"href":"https:\/\/startingfrance.com\/fr\/wp-json\/wp\/v2\/posts"}],"about":[{"href":"https:\/\/startingfrance.com\/fr\/wp-json\/wp\/v2\/types\/post"}],"author":[{"embeddable":true,"href":"https:\/\/startingfrance.com\/fr\/wp-json\/wp\/v2\/users\/2"}],"replies":[{"embeddable":true,"href":"https:\/\/startingfrance.com\/fr\/wp-json\/wp\/v2\/comments?post=5272"}],"version-history":[{"count":0,"href":"https:\/\/startingfrance.com\/fr\/wp-json\/wp\/v2\/posts\/5272\/revisions"}],"wp:featuredmedia":[{"embeddable":true,"href":"https:\/\/startingfrance.com\/fr\/wp-json\/wp\/v2\/media\/5270"}],"wp:attachment":[{"href":"https:\/\/startingfrance.com\/fr\/wp-json\/wp\/v2\/media?parent=5272"}],"wp:term":[{"taxonomy":"category","embeddable":true,"href":"https:\/\/startingfrance.com\/fr\/wp-json\/wp\/v2\/categories?post=5272"},{"taxonomy":"post_tag","embeddable":true,"href":"https:\/\/startingfrance.com\/fr\/wp-json\/wp\/v2\/tags?post=5272"}],"curies":[{"name":"wp","href":"https:\/\/api.w.org\/{rel}","templated":true}]}}