{"id":4781,"date":"2021-07-23T15:55:54","date_gmt":"2021-07-23T13:55:54","guid":{"rendered":"https:\/\/startingfrance.com\/?p=4781"},"modified":"2022-05-09T15:03:21","modified_gmt":"2022-05-09T13:03:21","slug":"centreon-choisit-startingfrance-pour-accelerer-en-allemagne","status":"publish","type":"post","link":"https:\/\/startingfrance.com\/fr\/centreon-choisit-startingfrance-pour-accelerer-en-allemagne\/","title":{"rendered":"CENTREON CHOISIT STARTINGFRANCE POUR ACCELERER EN ALLEMAGNE"},"content":{"rendered":"\n<p>Centreon a \u00e9t\u00e9 fond\u00e9e en 2005 sur la base d\u2019un socle Open Source qu\u2019elle continue de d\u00e9velopper.<\/p>\n\n\n\n<p>Centreon est l\u2019\u00e9diteur de logiciels de supervision AIOps qui permet continuit\u00e9 de service et excellence op\u00e9rationnelle. La plateforme de supervision AIOps de Centreon est reconnue pour sa capacit\u00e9 unique \u00e0 superviser en Smart Monitoring les infrastructures complexes et convergentes modernes, qu\u2019elles soient locales (on-premise), dans le Cloud ou l\u2019Edge. Elle permet de r\u00e9duire les co\u00fbts et la complexit\u00e9 des op\u00e9rations informatiques.<\/p>\n\n\n\n<p>La plateforme est utilis\u00e9e par des entreprises du monde entier pour \u00e9liminer les pannes informatiques et leur co\u00fbt et aligner les op\u00e9rations informatiques sur les objectifs de croissance et d\u2019excellence op\u00e9rationnelle.<\/p>\n\n\n\n<p>Aujourd\u2019hui, des organisations publiques et des entreprises internationales de toutes tailles et de tous secteurs &nbsp;telles que le Minist\u00e8re de la Justice ou le groupe Pierre &amp; Vacances Center Parcs font confiance \u00e0 Centreon.<\/p>\n\n\n\n<p>Source : https:\/\/www.centreon.com\/ <\/p>\n","protected":false},"excerpt":{"rendered":"<p>Centreon a \u00e9t\u00e9 fond\u00e9e en 2005 sur la base d\u2019un socle Open Source qu\u2019elle continue de d\u00e9velopper. Centreon est l\u2019\u00e9diteur de logiciels de supervision AIOps qui [&#8230;] <\/p>\n","protected":false},"author":2,"featured_media":4776,"comment_status":"closed","ping_status":"closed","sticky":false,"template":"","format":"standard","meta":{"footnotes":""},"categories":[13],"tags":[],"class_list":["post-4781","post","type-post","status-publish","format-standard","has-post-thumbnail","hentry","category-actualite"],"yoast_head":"<!-- This site is optimized with the Yoast SEO plugin v27.4 - https:\/\/yoast.com\/product\/yoast-seo-wordpress\/ -->\n<title>CENTREON CHOISIT STARTINGFRANCE POUR ACCELERER EN ALLEMAGNE - StartingFrance<\/title>\n<meta name=\"description\" content=\"Aktuelles von StartingFrance - wir informieren hier zu unseren Projekten und Partnerunternehmen.\" \/>\n<meta name=\"robots\" content=\"index, follow, max-snippet:-1, max-image-preview:large, max-video-preview:-1\" \/>\n<link rel=\"canonical\" href=\"https:\/\/startingfrance.com\/fr\/centreon-choisit-startingfrance-pour-accelerer-en-allemagne\/\" \/>\n<meta property=\"og:locale\" content=\"fr_FR\" \/>\n<meta property=\"og:type\" content=\"article\" \/>\n<meta property=\"og:title\" content=\"CENTREON CHOISIT STARTINGFRANCE POUR ACCELERER EN ALLEMAGNE - StartingFrance\" \/>\n<meta property=\"og:description\" content=\"Aktuelles von StartingFrance - wir informieren hier zu unseren Projekten und Partnerunternehmen.\" \/>\n<meta property=\"og:url\" content=\"https:\/\/startingfrance.com\/fr\/centreon-choisit-startingfrance-pour-accelerer-en-allemagne\/\" \/>\n<meta property=\"og:site_name\" content=\"StartingFrance\" \/>\n<meta property=\"article:published_time\" content=\"2021-07-23T13:55:54+00:00\" \/>\n<meta property=\"article:modified_time\" content=\"2022-05-09T13:03:21+00:00\" \/>\n<meta property=\"og:image\" content=\"https:\/\/startingfrance.com\/sf2020\/wp-content\/uploads\/2021\/07\/logo-centreon.png\" \/>\n\t<meta property=\"og:image:width\" content=\"600\" \/>\n\t<meta property=\"og:image:height\" content=\"400\" \/>\n\t<meta property=\"og:image:type\" content=\"image\/png\" \/>\n<meta name=\"author\" content=\"Starting France\" \/>\n<meta name=\"twitter:card\" content=\"summary_large_image\" \/>\n<meta name=\"twitter:label1\" content=\"\u00c9crit par\" \/>\n\t<meta name=\"twitter:data1\" content=\"Starting France\" \/>\n\t<meta name=\"twitter:label2\" content=\"Dur\u00e9e de lecture estim\u00e9e\" \/>\n\t<meta name=\"twitter:data2\" content=\"1 minute\" \/>\n<script type=\"application\/ld+json\" class=\"yoast-schema-graph\">{\"@context\":\"https:\\\/\\\/schema.org\",\"@graph\":[{\"@type\":\"Article\",\"@id\":\"https:\\\/\\\/startingfrance.com\\\/fr\\\/centreon-choisit-startingfrance-pour-accelerer-en-allemagne\\\/#article\",\"isPartOf\":{\"@id\":\"https:\\\/\\\/startingfrance.com\\\/fr\\\/centreon-choisit-startingfrance-pour-accelerer-en-allemagne\\\/\"},\"author\":{\"name\":\"Starting France\",\"@id\":\"https:\\\/\\\/startingfrance.com\\\/fr\\\/#\\\/schema\\\/person\\\/dd32de797b7cb24085b746d531977e38\"},\"headline\":\"CENTREON CHOISIT STARTINGFRANCE POUR ACCELERER EN ALLEMAGNE\",\"datePublished\":\"2021-07-23T13:55:54+00:00\",\"dateModified\":\"2022-05-09T13:03:21+00:00\",\"mainEntityOfPage\":{\"@id\":\"https:\\\/\\\/startingfrance.com\\\/fr\\\/centreon-choisit-startingfrance-pour-accelerer-en-allemagne\\\/\"},\"wordCount\":171,\"publisher\":{\"@id\":\"https:\\\/\\\/startingfrance.com\\\/fr\\\/#organization\"},\"image\":{\"@id\":\"https:\\\/\\\/startingfrance.com\\\/fr\\\/centreon-choisit-startingfrance-pour-accelerer-en-allemagne\\\/#primaryimage\"},\"thumbnailUrl\":\"https:\\\/\\\/startingfrance.com\\\/sf2020\\\/wp-content\\\/uploads\\\/2021\\\/07\\\/logo-centreon.png\",\"articleSection\":[\"Actualit\u00e9s\"],\"inLanguage\":\"fr-FR\"},{\"@type\":\"WebPage\",\"@id\":\"https:\\\/\\\/startingfrance.com\\\/fr\\\/centreon-choisit-startingfrance-pour-accelerer-en-allemagne\\\/\",\"url\":\"https:\\\/\\\/startingfrance.com\\\/fr\\\/centreon-choisit-startingfrance-pour-accelerer-en-allemagne\\\/\",\"name\":\"CENTREON CHOISIT STARTINGFRANCE POUR ACCELERER EN ALLEMAGNE - StartingFrance\",\"isPartOf\":{\"@id\":\"https:\\\/\\\/startingfrance.com\\\/fr\\\/#website\"},\"primaryImageOfPage\":{\"@id\":\"https:\\\/\\\/startingfrance.com\\\/fr\\\/centreon-choisit-startingfrance-pour-accelerer-en-allemagne\\\/#primaryimage\"},\"image\":{\"@id\":\"https:\\\/\\\/startingfrance.com\\\/fr\\\/centreon-choisit-startingfrance-pour-accelerer-en-allemagne\\\/#primaryimage\"},\"thumbnailUrl\":\"https:\\\/\\\/startingfrance.com\\\/sf2020\\\/wp-content\\\/uploads\\\/2021\\\/07\\\/logo-centreon.png\",\"datePublished\":\"2021-07-23T13:55:54+00:00\",\"dateModified\":\"2022-05-09T13:03:21+00:00\",\"description\":\"Aktuelles von StartingFrance - wir informieren hier zu unseren Projekten und Partnerunternehmen.\",\"breadcrumb\":{\"@id\":\"https:\\\/\\\/startingfrance.com\\\/fr\\\/centreon-choisit-startingfrance-pour-accelerer-en-allemagne\\\/#breadcrumb\"},\"inLanguage\":\"fr-FR\",\"potentialAction\":[{\"@type\":\"ReadAction\",\"target\":[\"https:\\\/\\\/startingfrance.com\\\/fr\\\/centreon-choisit-startingfrance-pour-accelerer-en-allemagne\\\/\"]}]},{\"@type\":\"ImageObject\",\"inLanguage\":\"fr-FR\",\"@id\":\"https:\\\/\\\/startingfrance.com\\\/fr\\\/centreon-choisit-startingfrance-pour-accelerer-en-allemagne\\\/#primaryimage\",\"url\":\"https:\\\/\\\/startingfrance.com\\\/sf2020\\\/wp-content\\\/uploads\\\/2021\\\/07\\\/logo-centreon.png\",\"contentUrl\":\"https:\\\/\\\/startingfrance.com\\\/sf2020\\\/wp-content\\\/uploads\\\/2021\\\/07\\\/logo-centreon.png\",\"width\":600,\"height\":400},{\"@type\":\"BreadcrumbList\",\"@id\":\"https:\\\/\\\/startingfrance.com\\\/fr\\\/centreon-choisit-startingfrance-pour-accelerer-en-allemagne\\\/#breadcrumb\",\"itemListElement\":[{\"@type\":\"ListItem\",\"position\":1,\"name\":\"Startseite\",\"item\":\"https:\\\/\\\/startingfrance.com\\\/fr\\\/start\\\/\"},{\"@type\":\"ListItem\",\"position\":2,\"name\":\"CENTREON CHOISIT STARTINGFRANCE POUR ACCELERER EN ALLEMAGNE\"}]},{\"@type\":\"WebSite\",\"@id\":\"https:\\\/\\\/startingfrance.com\\\/fr\\\/#website\",\"url\":\"https:\\\/\\\/startingfrance.com\\\/fr\\\/\",\"name\":\"StartingFrance\",\"description\":\"Mannheim - Paris\",\"publisher\":{\"@id\":\"https:\\\/\\\/startingfrance.com\\\/fr\\\/#organization\"},\"potentialAction\":[{\"@type\":\"SearchAction\",\"target\":{\"@type\":\"EntryPoint\",\"urlTemplate\":\"https:\\\/\\\/startingfrance.com\\\/fr\\\/?s={search_term_string}\"},\"query-input\":{\"@type\":\"PropertyValueSpecification\",\"valueRequired\":true,\"valueName\":\"search_term_string\"}}],\"inLanguage\":\"fr-FR\"},{\"@type\":\"Organization\",\"@id\":\"https:\\\/\\\/startingfrance.com\\\/fr\\\/#organization\",\"name\":\"StartingFrance\",\"url\":\"https:\\\/\\\/startingfrance.com\\\/fr\\\/\",\"logo\":{\"@type\":\"ImageObject\",\"inLanguage\":\"fr-FR\",\"@id\":\"https:\\\/\\\/startingfrance.com\\\/fr\\\/#\\\/schema\\\/logo\\\/image\\\/\",\"url\":\"https:\\\/\\\/startingfrance.com\\\/sf2020\\\/wp-content\\\/uploads\\\/2020\\\/01\\\/startingfrance.jpg\",\"contentUrl\":\"https:\\\/\\\/startingfrance.com\\\/sf2020\\\/wp-content\\\/uploads\\\/2020\\\/01\\\/startingfrance.jpg\",\"width\":800,\"height\":139,\"caption\":\"StartingFrance\"},\"image\":{\"@id\":\"https:\\\/\\\/startingfrance.com\\\/fr\\\/#\\\/schema\\\/logo\\\/image\\\/\"},\"sameAs\":[\"https:\\\/\\\/www.linkedin.com\\\/company\\\/startingfrance\\\/\"]},{\"@type\":\"Person\",\"@id\":\"https:\\\/\\\/startingfrance.com\\\/fr\\\/#\\\/schema\\\/person\\\/dd32de797b7cb24085b746d531977e38\",\"name\":\"Starting France\",\"url\":\"https:\\\/\\\/startingfrance.com\\\/fr\\\/author\\\/sfteam\\\/\"}]}<\/script>\n<!-- \/ Yoast SEO plugin. -->","yoast_head_json":{"title":"CENTREON CHOISIT STARTINGFRANCE POUR ACCELERER EN ALLEMAGNE - StartingFrance","description":"Aktuelles von StartingFrance - wir informieren hier zu unseren Projekten und Partnerunternehmen.","robots":{"index":"index","follow":"follow","max-snippet":"max-snippet:-1","max-image-preview":"max-image-preview:large","max-video-preview":"max-video-preview:-1"},"canonical":"https:\/\/startingfrance.com\/fr\/centreon-choisit-startingfrance-pour-accelerer-en-allemagne\/","og_locale":"fr_FR","og_type":"article","og_title":"CENTREON CHOISIT STARTINGFRANCE POUR ACCELERER EN ALLEMAGNE - StartingFrance","og_description":"Aktuelles von StartingFrance - wir informieren hier zu unseren Projekten und Partnerunternehmen.","og_url":"https:\/\/startingfrance.com\/fr\/centreon-choisit-startingfrance-pour-accelerer-en-allemagne\/","og_site_name":"StartingFrance","article_published_time":"2021-07-23T13:55:54+00:00","article_modified_time":"2022-05-09T13:03:21+00:00","og_image":[{"width":600,"height":400,"url":"https:\/\/startingfrance.com\/sf2020\/wp-content\/uploads\/2021\/07\/logo-centreon.png","type":"image\/png"}],"author":"Starting France","twitter_card":"summary_large_image","twitter_misc":{"\u00c9crit par":"Starting France","Dur\u00e9e de lecture estim\u00e9e":"1 minute"},"schema":{"@context":"https:\/\/schema.org","@graph":[{"@type":"Article","@id":"https:\/\/startingfrance.com\/fr\/centreon-choisit-startingfrance-pour-accelerer-en-allemagne\/#article","isPartOf":{"@id":"https:\/\/startingfrance.com\/fr\/centreon-choisit-startingfrance-pour-accelerer-en-allemagne\/"},"author":{"name":"Starting France","@id":"https:\/\/startingfrance.com\/fr\/#\/schema\/person\/dd32de797b7cb24085b746d531977e38"},"headline":"CENTREON CHOISIT STARTINGFRANCE POUR ACCELERER EN ALLEMAGNE","datePublished":"2021-07-23T13:55:54+00:00","dateModified":"2022-05-09T13:03:21+00:00","mainEntityOfPage":{"@id":"https:\/\/startingfrance.com\/fr\/centreon-choisit-startingfrance-pour-accelerer-en-allemagne\/"},"wordCount":171,"publisher":{"@id":"https:\/\/startingfrance.com\/fr\/#organization"},"image":{"@id":"https:\/\/startingfrance.com\/fr\/centreon-choisit-startingfrance-pour-accelerer-en-allemagne\/#primaryimage"},"thumbnailUrl":"https:\/\/startingfrance.com\/sf2020\/wp-content\/uploads\/2021\/07\/logo-centreon.png","articleSection":["Actualit\u00e9s"],"inLanguage":"fr-FR"},{"@type":"WebPage","@id":"https:\/\/startingfrance.com\/fr\/centreon-choisit-startingfrance-pour-accelerer-en-allemagne\/","url":"https:\/\/startingfrance.com\/fr\/centreon-choisit-startingfrance-pour-accelerer-en-allemagne\/","name":"CENTREON CHOISIT STARTINGFRANCE POUR ACCELERER EN ALLEMAGNE - StartingFrance","isPartOf":{"@id":"https:\/\/startingfrance.com\/fr\/#website"},"primaryImageOfPage":{"@id":"https:\/\/startingfrance.com\/fr\/centreon-choisit-startingfrance-pour-accelerer-en-allemagne\/#primaryimage"},"image":{"@id":"https:\/\/startingfrance.com\/fr\/centreon-choisit-startingfrance-pour-accelerer-en-allemagne\/#primaryimage"},"thumbnailUrl":"https:\/\/startingfrance.com\/sf2020\/wp-content\/uploads\/2021\/07\/logo-centreon.png","datePublished":"2021-07-23T13:55:54+00:00","dateModified":"2022-05-09T13:03:21+00:00","description":"Aktuelles von StartingFrance - wir informieren hier zu unseren Projekten und Partnerunternehmen.","breadcrumb":{"@id":"https:\/\/startingfrance.com\/fr\/centreon-choisit-startingfrance-pour-accelerer-en-allemagne\/#breadcrumb"},"inLanguage":"fr-FR","potentialAction":[{"@type":"ReadAction","target":["https:\/\/startingfrance.com\/fr\/centreon-choisit-startingfrance-pour-accelerer-en-allemagne\/"]}]},{"@type":"ImageObject","inLanguage":"fr-FR","@id":"https:\/\/startingfrance.com\/fr\/centreon-choisit-startingfrance-pour-accelerer-en-allemagne\/#primaryimage","url":"https:\/\/startingfrance.com\/sf2020\/wp-content\/uploads\/2021\/07\/logo-centreon.png","contentUrl":"https:\/\/startingfrance.com\/sf2020\/wp-content\/uploads\/2021\/07\/logo-centreon.png","width":600,"height":400},{"@type":"BreadcrumbList","@id":"https:\/\/startingfrance.com\/fr\/centreon-choisit-startingfrance-pour-accelerer-en-allemagne\/#breadcrumb","itemListElement":[{"@type":"ListItem","position":1,"name":"Startseite","item":"https:\/\/startingfrance.com\/fr\/start\/"},{"@type":"ListItem","position":2,"name":"CENTREON CHOISIT STARTINGFRANCE POUR ACCELERER EN ALLEMAGNE"}]},{"@type":"WebSite","@id":"https:\/\/startingfrance.com\/fr\/#website","url":"https:\/\/startingfrance.com\/fr\/","name":"StartingFrance","description":"Mannheim - Paris","publisher":{"@id":"https:\/\/startingfrance.com\/fr\/#organization"},"potentialAction":[{"@type":"SearchAction","target":{"@type":"EntryPoint","urlTemplate":"https:\/\/startingfrance.com\/fr\/?s={search_term_string}"},"query-input":{"@type":"PropertyValueSpecification","valueRequired":true,"valueName":"search_term_string"}}],"inLanguage":"fr-FR"},{"@type":"Organization","@id":"https:\/\/startingfrance.com\/fr\/#organization","name":"StartingFrance","url":"https:\/\/startingfrance.com\/fr\/","logo":{"@type":"ImageObject","inLanguage":"fr-FR","@id":"https:\/\/startingfrance.com\/fr\/#\/schema\/logo\/image\/","url":"https:\/\/startingfrance.com\/sf2020\/wp-content\/uploads\/2020\/01\/startingfrance.jpg","contentUrl":"https:\/\/startingfrance.com\/sf2020\/wp-content\/uploads\/2020\/01\/startingfrance.jpg","width":800,"height":139,"caption":"StartingFrance"},"image":{"@id":"https:\/\/startingfrance.com\/fr\/#\/schema\/logo\/image\/"},"sameAs":["https:\/\/www.linkedin.com\/company\/startingfrance\/"]},{"@type":"Person","@id":"https:\/\/startingfrance.com\/fr\/#\/schema\/person\/dd32de797b7cb24085b746d531977e38","name":"Starting France","url":"https:\/\/startingfrance.com\/fr\/author\/sfteam\/"}]}},"featured_image_src":"https:\/\/startingfrance.com\/sf2020\/wp-content\/uploads\/2021\/07\/logo-centreon.png","featured_image_src_square":"https:\/\/startingfrance.com\/sf2020\/wp-content\/uploads\/2021\/07\/logo-centreon.png","author_info":{"display_name":"Starting France","author_link":"https:\/\/startingfrance.com\/fr\/author\/sfteam\/"},"_links":{"self":[{"href":"https:\/\/startingfrance.com\/fr\/wp-json\/wp\/v2\/posts\/4781","targetHints":{"allow":["GET"]}}],"collection":[{"href":"https:\/\/startingfrance.com\/fr\/wp-json\/wp\/v2\/posts"}],"about":[{"href":"https:\/\/startingfrance.com\/fr\/wp-json\/wp\/v2\/types\/post"}],"author":[{"embeddable":true,"href":"https:\/\/startingfrance.com\/fr\/wp-json\/wp\/v2\/users\/2"}],"replies":[{"embeddable":true,"href":"https:\/\/startingfrance.com\/fr\/wp-json\/wp\/v2\/comments?post=4781"}],"version-history":[{"count":0,"href":"https:\/\/startingfrance.com\/fr\/wp-json\/wp\/v2\/posts\/4781\/revisions"}],"wp:featuredmedia":[{"embeddable":true,"href":"https:\/\/startingfrance.com\/fr\/wp-json\/wp\/v2\/media\/4776"}],"wp:attachment":[{"href":"https:\/\/startingfrance.com\/fr\/wp-json\/wp\/v2\/media?parent=4781"}],"wp:term":[{"taxonomy":"category","embeddable":true,"href":"https:\/\/startingfrance.com\/fr\/wp-json\/wp\/v2\/categories?post=4781"},{"taxonomy":"post_tag","embeddable":true,"href":"https:\/\/startingfrance.com\/fr\/wp-json\/wp\/v2\/tags?post=4781"}],"curies":[{"name":"wp","href":"https:\/\/api.w.org\/{rel}","templated":true}]}}