{"id":4621,"date":"2020-12-10T17:05:44","date_gmt":"2020-12-10T16:05:44","guid":{"rendered":"https:\/\/startingfrance.com\/?p=4621"},"modified":"2022-05-09T15:03:06","modified_gmt":"2022-05-09T13:03:06","slug":"startingfrance-agree-par-letat-francais-pour-le-cheque-relance-export-allemagne","status":"publish","type":"post","link":"https:\/\/startingfrance.com\/fr\/startingfrance-agree-par-letat-francais-pour-le-cheque-relance-export-allemagne\/","title":{"rendered":"StartingFrance : agr\u00e9\u00e9 par l\u2019Etat fran\u00e7ais pour le \u00ab Ch\u00e8que Relance Export Allemagne \u00bb"},"content":{"rendered":"\n<p>Ce dispositif vient d\u2019\u00eatre mis en place fin 2020 par le gouvernement fran\u00e7ais. Il permet notamment aux \u00e9diteurs de logiciels et fournisseurs de technologies de b\u00e9n\u00e9ficier sous conditions d\u2019une aide financi\u00e8re pour exporter vers l\u2019Allemagne.<strong><\/strong><\/p>\n\n\n\n<p>Startingfrance a \u00e9t\u00e9 agr\u00e9\u00e9 d\u00e9but d\u00e9cembre 2020.<\/p>\n\n\n\n<p>V\u00e9rifiez d\u00e8s maintenant votre \u00e9ligibilit\u00e9 et comment construire votre plan export vers l\u2019Allemagne. <a href=\"https:\/\/startingfrance.com\/fr\/contactez-nous\/\">Contactez-nous d\u00e8s aujourd\u2019hui.<\/a><\/p>\n\n\n\n<p>L\u2019aide financi\u00e8re peut atteindre 4000 euros.<\/p>\n\n\n\n<p>En p\u00e9riode de pand\u00e9mie, exporter permet de ne pas d\u00e9pendre de son seul march\u00e9 national. L\u2019Allemagne est par ailleurs moins impact\u00e9e \u00e9conomiquement par la crise actuelle et reste plus que jamais le march\u00e9 proche et prosp\u00e8re pour les entreprises fran\u00e7aises.<\/p>\n","protected":false},"excerpt":{"rendered":"<p>Ce dispositif vient d\u2019\u00eatre mis en place fin 2020 par le gouvernement fran\u00e7ais. Il permet notamment aux \u00e9diteurs de logiciels et fournisseurs de technologies de b\u00e9n\u00e9ficier [&#8230;] <\/p>\n","protected":false},"author":2,"featured_media":4815,"comment_status":"closed","ping_status":"closed","sticky":false,"template":"","format":"standard","meta":{"footnotes":""},"categories":[13],"tags":[],"class_list":["post-4621","post","type-post","status-publish","format-standard","has-post-thumbnail","hentry","category-actualite"],"yoast_head":"<!-- This site is optimized with the Yoast SEO plugin v27.4 - https:\/\/yoast.com\/product\/yoast-seo-wordpress\/ -->\n<title>StartingFrance : agr\u00e9\u00e9 par l\u2019Etat fran\u00e7ais pour le \u00ab Ch\u00e8que Relance Export Allemagne \u00bb - StartingFrance<\/title>\n<meta name=\"description\" content=\"Aktuelles von StartingFrance - wir informieren hier zu unseren Projekten und Partnerunternehmen.\" \/>\n<meta name=\"robots\" content=\"index, follow, max-snippet:-1, max-image-preview:large, max-video-preview:-1\" \/>\n<link rel=\"canonical\" href=\"https:\/\/startingfrance.com\/fr\/startingfrance-agree-par-letat-francais-pour-le-cheque-relance-export-allemagne\/\" \/>\n<meta property=\"og:locale\" content=\"fr_FR\" \/>\n<meta property=\"og:type\" content=\"article\" \/>\n<meta property=\"og:title\" content=\"StartingFrance : agr\u00e9\u00e9 par l\u2019Etat fran\u00e7ais pour le \u00ab Ch\u00e8que Relance Export Allemagne \u00bb - StartingFrance\" \/>\n<meta property=\"og:description\" content=\"Aktuelles von StartingFrance - wir informieren hier zu unseren Projekten und Partnerunternehmen.\" \/>\n<meta property=\"og:url\" content=\"https:\/\/startingfrance.com\/fr\/startingfrance-agree-par-letat-francais-pour-le-cheque-relance-export-allemagne\/\" \/>\n<meta property=\"og:site_name\" content=\"StartingFrance\" \/>\n<meta property=\"article:published_time\" content=\"2020-12-10T16:05:44+00:00\" \/>\n<meta property=\"article:modified_time\" content=\"2022-05-09T13:03:06+00:00\" \/>\n<meta property=\"og:image\" content=\"https:\/\/startingfrance.com\/sf2020\/wp-content\/uploads\/2020\/12\/handshake.jpg\" \/>\n\t<meta property=\"og:image:width\" content=\"1920\" \/>\n\t<meta property=\"og:image:height\" content=\"1280\" \/>\n\t<meta property=\"og:image:type\" content=\"image\/jpeg\" \/>\n<meta name=\"author\" content=\"Starting France\" \/>\n<meta name=\"twitter:card\" content=\"summary_large_image\" \/>\n<meta name=\"twitter:label1\" content=\"\u00c9crit par\" \/>\n\t<meta name=\"twitter:data1\" content=\"Starting France\" \/>\n\t<meta name=\"twitter:label2\" content=\"Dur\u00e9e de lecture estim\u00e9e\" \/>\n\t<meta name=\"twitter:data2\" content=\"1 minute\" \/>\n<script type=\"application\/ld+json\" class=\"yoast-schema-graph\">{\"@context\":\"https:\\\/\\\/schema.org\",\"@graph\":[{\"@type\":\"Article\",\"@id\":\"https:\\\/\\\/startingfrance.com\\\/fr\\\/startingfrance-agree-par-letat-francais-pour-le-cheque-relance-export-allemagne\\\/#article\",\"isPartOf\":{\"@id\":\"https:\\\/\\\/startingfrance.com\\\/fr\\\/startingfrance-agree-par-letat-francais-pour-le-cheque-relance-export-allemagne\\\/\"},\"author\":{\"name\":\"Starting France\",\"@id\":\"https:\\\/\\\/startingfrance.com\\\/fr\\\/#\\\/schema\\\/person\\\/dd32de797b7cb24085b746d531977e38\"},\"headline\":\"StartingFrance : agr\u00e9\u00e9 par l\u2019Etat fran\u00e7ais pour le \u00ab Ch\u00e8que Relance Export Allemagne \u00bb\",\"datePublished\":\"2020-12-10T16:05:44+00:00\",\"dateModified\":\"2022-05-09T13:03:06+00:00\",\"mainEntityOfPage\":{\"@id\":\"https:\\\/\\\/startingfrance.com\\\/fr\\\/startingfrance-agree-par-letat-francais-pour-le-cheque-relance-export-allemagne\\\/\"},\"wordCount\":138,\"publisher\":{\"@id\":\"https:\\\/\\\/startingfrance.com\\\/fr\\\/#organization\"},\"image\":{\"@id\":\"https:\\\/\\\/startingfrance.com\\\/fr\\\/startingfrance-agree-par-letat-francais-pour-le-cheque-relance-export-allemagne\\\/#primaryimage\"},\"thumbnailUrl\":\"https:\\\/\\\/startingfrance.com\\\/sf2020\\\/wp-content\\\/uploads\\\/2020\\\/12\\\/handshake.jpg\",\"articleSection\":[\"Actualit\u00e9s\"],\"inLanguage\":\"fr-FR\"},{\"@type\":\"WebPage\",\"@id\":\"https:\\\/\\\/startingfrance.com\\\/fr\\\/startingfrance-agree-par-letat-francais-pour-le-cheque-relance-export-allemagne\\\/\",\"url\":\"https:\\\/\\\/startingfrance.com\\\/fr\\\/startingfrance-agree-par-letat-francais-pour-le-cheque-relance-export-allemagne\\\/\",\"name\":\"StartingFrance : agr\u00e9\u00e9 par l\u2019Etat fran\u00e7ais pour le \u00ab Ch\u00e8que Relance Export Allemagne \u00bb - StartingFrance\",\"isPartOf\":{\"@id\":\"https:\\\/\\\/startingfrance.com\\\/fr\\\/#website\"},\"primaryImageOfPage\":{\"@id\":\"https:\\\/\\\/startingfrance.com\\\/fr\\\/startingfrance-agree-par-letat-francais-pour-le-cheque-relance-export-allemagne\\\/#primaryimage\"},\"image\":{\"@id\":\"https:\\\/\\\/startingfrance.com\\\/fr\\\/startingfrance-agree-par-letat-francais-pour-le-cheque-relance-export-allemagne\\\/#primaryimage\"},\"thumbnailUrl\":\"https:\\\/\\\/startingfrance.com\\\/sf2020\\\/wp-content\\\/uploads\\\/2020\\\/12\\\/handshake.jpg\",\"datePublished\":\"2020-12-10T16:05:44+00:00\",\"dateModified\":\"2022-05-09T13:03:06+00:00\",\"description\":\"Aktuelles von StartingFrance - wir informieren hier zu unseren Projekten und Partnerunternehmen.\",\"breadcrumb\":{\"@id\":\"https:\\\/\\\/startingfrance.com\\\/fr\\\/startingfrance-agree-par-letat-francais-pour-le-cheque-relance-export-allemagne\\\/#breadcrumb\"},\"inLanguage\":\"fr-FR\",\"potentialAction\":[{\"@type\":\"ReadAction\",\"target\":[\"https:\\\/\\\/startingfrance.com\\\/fr\\\/startingfrance-agree-par-letat-francais-pour-le-cheque-relance-export-allemagne\\\/\"]}]},{\"@type\":\"ImageObject\",\"inLanguage\":\"fr-FR\",\"@id\":\"https:\\\/\\\/startingfrance.com\\\/fr\\\/startingfrance-agree-par-letat-francais-pour-le-cheque-relance-export-allemagne\\\/#primaryimage\",\"url\":\"https:\\\/\\\/startingfrance.com\\\/sf2020\\\/wp-content\\\/uploads\\\/2020\\\/12\\\/handshake.jpg\",\"contentUrl\":\"https:\\\/\\\/startingfrance.com\\\/sf2020\\\/wp-content\\\/uploads\\\/2020\\\/12\\\/handshake.jpg\",\"width\":1920,\"height\":1280},{\"@type\":\"BreadcrumbList\",\"@id\":\"https:\\\/\\\/startingfrance.com\\\/fr\\\/startingfrance-agree-par-letat-francais-pour-le-cheque-relance-export-allemagne\\\/#breadcrumb\",\"itemListElement\":[{\"@type\":\"ListItem\",\"position\":1,\"name\":\"Startseite\",\"item\":\"https:\\\/\\\/startingfrance.com\\\/fr\\\/start\\\/\"},{\"@type\":\"ListItem\",\"position\":2,\"name\":\"StartingFrance : agr\u00e9\u00e9 par l\u2019Etat fran\u00e7ais pour le \u00ab Ch\u00e8que Relance Export Allemagne \u00bb\"}]},{\"@type\":\"WebSite\",\"@id\":\"https:\\\/\\\/startingfrance.com\\\/fr\\\/#website\",\"url\":\"https:\\\/\\\/startingfrance.com\\\/fr\\\/\",\"name\":\"StartingFrance\",\"description\":\"Mannheim - Paris\",\"publisher\":{\"@id\":\"https:\\\/\\\/startingfrance.com\\\/fr\\\/#organization\"},\"potentialAction\":[{\"@type\":\"SearchAction\",\"target\":{\"@type\":\"EntryPoint\",\"urlTemplate\":\"https:\\\/\\\/startingfrance.com\\\/fr\\\/?s={search_term_string}\"},\"query-input\":{\"@type\":\"PropertyValueSpecification\",\"valueRequired\":true,\"valueName\":\"search_term_string\"}}],\"inLanguage\":\"fr-FR\"},{\"@type\":\"Organization\",\"@id\":\"https:\\\/\\\/startingfrance.com\\\/fr\\\/#organization\",\"name\":\"StartingFrance\",\"url\":\"https:\\\/\\\/startingfrance.com\\\/fr\\\/\",\"logo\":{\"@type\":\"ImageObject\",\"inLanguage\":\"fr-FR\",\"@id\":\"https:\\\/\\\/startingfrance.com\\\/fr\\\/#\\\/schema\\\/logo\\\/image\\\/\",\"url\":\"https:\\\/\\\/startingfrance.com\\\/sf2020\\\/wp-content\\\/uploads\\\/2020\\\/01\\\/startingfrance.jpg\",\"contentUrl\":\"https:\\\/\\\/startingfrance.com\\\/sf2020\\\/wp-content\\\/uploads\\\/2020\\\/01\\\/startingfrance.jpg\",\"width\":800,\"height\":139,\"caption\":\"StartingFrance\"},\"image\":{\"@id\":\"https:\\\/\\\/startingfrance.com\\\/fr\\\/#\\\/schema\\\/logo\\\/image\\\/\"},\"sameAs\":[\"https:\\\/\\\/www.linkedin.com\\\/company\\\/startingfrance\\\/\"]},{\"@type\":\"Person\",\"@id\":\"https:\\\/\\\/startingfrance.com\\\/fr\\\/#\\\/schema\\\/person\\\/dd32de797b7cb24085b746d531977e38\",\"name\":\"Starting France\",\"url\":\"https:\\\/\\\/startingfrance.com\\\/fr\\\/author\\\/sfteam\\\/\"}]}<\/script>\n<!-- \/ Yoast SEO plugin. -->","yoast_head_json":{"title":"StartingFrance : agr\u00e9\u00e9 par l\u2019Etat fran\u00e7ais pour le \u00ab Ch\u00e8que Relance Export Allemagne \u00bb - StartingFrance","description":"Aktuelles von StartingFrance - wir informieren hier zu unseren Projekten und Partnerunternehmen.","robots":{"index":"index","follow":"follow","max-snippet":"max-snippet:-1","max-image-preview":"max-image-preview:large","max-video-preview":"max-video-preview:-1"},"canonical":"https:\/\/startingfrance.com\/fr\/startingfrance-agree-par-letat-francais-pour-le-cheque-relance-export-allemagne\/","og_locale":"fr_FR","og_type":"article","og_title":"StartingFrance : agr\u00e9\u00e9 par l\u2019Etat fran\u00e7ais pour le \u00ab Ch\u00e8que Relance Export Allemagne \u00bb - StartingFrance","og_description":"Aktuelles von StartingFrance - wir informieren hier zu unseren Projekten und Partnerunternehmen.","og_url":"https:\/\/startingfrance.com\/fr\/startingfrance-agree-par-letat-francais-pour-le-cheque-relance-export-allemagne\/","og_site_name":"StartingFrance","article_published_time":"2020-12-10T16:05:44+00:00","article_modified_time":"2022-05-09T13:03:06+00:00","og_image":[{"width":1920,"height":1280,"url":"https:\/\/startingfrance.com\/sf2020\/wp-content\/uploads\/2020\/12\/handshake.jpg","type":"image\/jpeg"}],"author":"Starting France","twitter_card":"summary_large_image","twitter_misc":{"\u00c9crit par":"Starting France","Dur\u00e9e de lecture estim\u00e9e":"1 minute"},"schema":{"@context":"https:\/\/schema.org","@graph":[{"@type":"Article","@id":"https:\/\/startingfrance.com\/fr\/startingfrance-agree-par-letat-francais-pour-le-cheque-relance-export-allemagne\/#article","isPartOf":{"@id":"https:\/\/startingfrance.com\/fr\/startingfrance-agree-par-letat-francais-pour-le-cheque-relance-export-allemagne\/"},"author":{"name":"Starting France","@id":"https:\/\/startingfrance.com\/fr\/#\/schema\/person\/dd32de797b7cb24085b746d531977e38"},"headline":"StartingFrance : agr\u00e9\u00e9 par l\u2019Etat fran\u00e7ais pour le \u00ab Ch\u00e8que Relance Export Allemagne \u00bb","datePublished":"2020-12-10T16:05:44+00:00","dateModified":"2022-05-09T13:03:06+00:00","mainEntityOfPage":{"@id":"https:\/\/startingfrance.com\/fr\/startingfrance-agree-par-letat-francais-pour-le-cheque-relance-export-allemagne\/"},"wordCount":138,"publisher":{"@id":"https:\/\/startingfrance.com\/fr\/#organization"},"image":{"@id":"https:\/\/startingfrance.com\/fr\/startingfrance-agree-par-letat-francais-pour-le-cheque-relance-export-allemagne\/#primaryimage"},"thumbnailUrl":"https:\/\/startingfrance.com\/sf2020\/wp-content\/uploads\/2020\/12\/handshake.jpg","articleSection":["Actualit\u00e9s"],"inLanguage":"fr-FR"},{"@type":"WebPage","@id":"https:\/\/startingfrance.com\/fr\/startingfrance-agree-par-letat-francais-pour-le-cheque-relance-export-allemagne\/","url":"https:\/\/startingfrance.com\/fr\/startingfrance-agree-par-letat-francais-pour-le-cheque-relance-export-allemagne\/","name":"StartingFrance : agr\u00e9\u00e9 par l\u2019Etat fran\u00e7ais pour le \u00ab Ch\u00e8que Relance Export Allemagne \u00bb - StartingFrance","isPartOf":{"@id":"https:\/\/startingfrance.com\/fr\/#website"},"primaryImageOfPage":{"@id":"https:\/\/startingfrance.com\/fr\/startingfrance-agree-par-letat-francais-pour-le-cheque-relance-export-allemagne\/#primaryimage"},"image":{"@id":"https:\/\/startingfrance.com\/fr\/startingfrance-agree-par-letat-francais-pour-le-cheque-relance-export-allemagne\/#primaryimage"},"thumbnailUrl":"https:\/\/startingfrance.com\/sf2020\/wp-content\/uploads\/2020\/12\/handshake.jpg","datePublished":"2020-12-10T16:05:44+00:00","dateModified":"2022-05-09T13:03:06+00:00","description":"Aktuelles von StartingFrance - wir informieren hier zu unseren Projekten und Partnerunternehmen.","breadcrumb":{"@id":"https:\/\/startingfrance.com\/fr\/startingfrance-agree-par-letat-francais-pour-le-cheque-relance-export-allemagne\/#breadcrumb"},"inLanguage":"fr-FR","potentialAction":[{"@type":"ReadAction","target":["https:\/\/startingfrance.com\/fr\/startingfrance-agree-par-letat-francais-pour-le-cheque-relance-export-allemagne\/"]}]},{"@type":"ImageObject","inLanguage":"fr-FR","@id":"https:\/\/startingfrance.com\/fr\/startingfrance-agree-par-letat-francais-pour-le-cheque-relance-export-allemagne\/#primaryimage","url":"https:\/\/startingfrance.com\/sf2020\/wp-content\/uploads\/2020\/12\/handshake.jpg","contentUrl":"https:\/\/startingfrance.com\/sf2020\/wp-content\/uploads\/2020\/12\/handshake.jpg","width":1920,"height":1280},{"@type":"BreadcrumbList","@id":"https:\/\/startingfrance.com\/fr\/startingfrance-agree-par-letat-francais-pour-le-cheque-relance-export-allemagne\/#breadcrumb","itemListElement":[{"@type":"ListItem","position":1,"name":"Startseite","item":"https:\/\/startingfrance.com\/fr\/start\/"},{"@type":"ListItem","position":2,"name":"StartingFrance : agr\u00e9\u00e9 par l\u2019Etat fran\u00e7ais pour le \u00ab Ch\u00e8que Relance Export Allemagne \u00bb"}]},{"@type":"WebSite","@id":"https:\/\/startingfrance.com\/fr\/#website","url":"https:\/\/startingfrance.com\/fr\/","name":"StartingFrance","description":"Mannheim - Paris","publisher":{"@id":"https:\/\/startingfrance.com\/fr\/#organization"},"potentialAction":[{"@type":"SearchAction","target":{"@type":"EntryPoint","urlTemplate":"https:\/\/startingfrance.com\/fr\/?s={search_term_string}"},"query-input":{"@type":"PropertyValueSpecification","valueRequired":true,"valueName":"search_term_string"}}],"inLanguage":"fr-FR"},{"@type":"Organization","@id":"https:\/\/startingfrance.com\/fr\/#organization","name":"StartingFrance","url":"https:\/\/startingfrance.com\/fr\/","logo":{"@type":"ImageObject","inLanguage":"fr-FR","@id":"https:\/\/startingfrance.com\/fr\/#\/schema\/logo\/image\/","url":"https:\/\/startingfrance.com\/sf2020\/wp-content\/uploads\/2020\/01\/startingfrance.jpg","contentUrl":"https:\/\/startingfrance.com\/sf2020\/wp-content\/uploads\/2020\/01\/startingfrance.jpg","width":800,"height":139,"caption":"StartingFrance"},"image":{"@id":"https:\/\/startingfrance.com\/fr\/#\/schema\/logo\/image\/"},"sameAs":["https:\/\/www.linkedin.com\/company\/startingfrance\/"]},{"@type":"Person","@id":"https:\/\/startingfrance.com\/fr\/#\/schema\/person\/dd32de797b7cb24085b746d531977e38","name":"Starting France","url":"https:\/\/startingfrance.com\/fr\/author\/sfteam\/"}]}},"featured_image_src":"https:\/\/startingfrance.com\/sf2020\/wp-content\/uploads\/2020\/12\/handshake.jpg","featured_image_src_square":"https:\/\/startingfrance.com\/sf2020\/wp-content\/uploads\/2020\/12\/handshake.jpg","author_info":{"display_name":"Starting France","author_link":"https:\/\/startingfrance.com\/fr\/author\/sfteam\/"},"_links":{"self":[{"href":"https:\/\/startingfrance.com\/fr\/wp-json\/wp\/v2\/posts\/4621","targetHints":{"allow":["GET"]}}],"collection":[{"href":"https:\/\/startingfrance.com\/fr\/wp-json\/wp\/v2\/posts"}],"about":[{"href":"https:\/\/startingfrance.com\/fr\/wp-json\/wp\/v2\/types\/post"}],"author":[{"embeddable":true,"href":"https:\/\/startingfrance.com\/fr\/wp-json\/wp\/v2\/users\/2"}],"replies":[{"embeddable":true,"href":"https:\/\/startingfrance.com\/fr\/wp-json\/wp\/v2\/comments?post=4621"}],"version-history":[{"count":0,"href":"https:\/\/startingfrance.com\/fr\/wp-json\/wp\/v2\/posts\/4621\/revisions"}],"wp:featuredmedia":[{"embeddable":true,"href":"https:\/\/startingfrance.com\/fr\/wp-json\/wp\/v2\/media\/4815"}],"wp:attachment":[{"href":"https:\/\/startingfrance.com\/fr\/wp-json\/wp\/v2\/media?parent=4621"}],"wp:term":[{"taxonomy":"category","embeddable":true,"href":"https:\/\/startingfrance.com\/fr\/wp-json\/wp\/v2\/categories?post=4621"},{"taxonomy":"post_tag","embeddable":true,"href":"https:\/\/startingfrance.com\/fr\/wp-json\/wp\/v2\/tags?post=4621"}],"curies":[{"name":"wp","href":"https:\/\/api.w.org\/{rel}","templated":true}]}}